{"id":3404,"date":"2022-11-02T16:27:42","date_gmt":"2022-11-02T21:27:42","guid":{"rendered":"http:\/\/172.20.5.10\/?p=3404"},"modified":"2022-12-30T19:41:10","modified_gmt":"2022-12-31T00:41:10","slug":"notidadis-02","status":"publish","type":"post","link":"https:\/\/www.dadiscartagena.gov.co\/index.php\/2022\/11\/02\/notidadis-02\/","title":{"rendered":"Cartagena, la primera capital del pa\u00eds que cuenta con una Pol\u00edtica P\u00fablica de Ambientes Escolares Alimentarios Saludables"},"content":{"rendered":"\t\t<div data-elementor-type=\"wp-post\" data-elementor-id=\"3404\" class=\"elementor elementor-3404\">\n\t\t\t\t\t\t\t\t\t<section data-particle_enable=\"false\" data-particle-mobile-disabled=\"false\" class=\"penci-section penci-disSticky penci-structure-10 elementor-section elementor-top-section elementor-element elementor-element-f23e00b elementor-section-boxed elementor-section-height-default elementor-section-height-default\" data-id=\"f23e00b\" data-element_type=\"section\">\n\t\t\t\t\t\t<div class=\"elementor-container elementor-column-gap-default\">\n\t\t\t\t\t<div class=\"penci-ercol-100 penci-ercol-order-1 penci-sticky-ct  elementor-column elementor-col-100 elementor-top-column elementor-element elementor-element-8eb899f\" data-id=\"8eb899f\" data-element_type=\"column\">\n\t\t\t<div class=\"elementor-widget-wrap elementor-element-populated\">\n\t\t\t\t\t\t\t\t<div class=\"elementor-element elementor-element-0b5af4b eael-dual-header-content-align-center elementor-widget elementor-widget-eael-dual-color-header\" data-id=\"0b5af4b\" data-element_type=\"widget\" data-widget_type=\"eael-dual-color-header.default\">\n\t\t\t\t<div class=\"elementor-widget-container\">\n\t\t\t\n\t\t        <div class=\"eael-dual-header\">\n\t\t\t\t<h2 class=\"title\"><span  class=\"lead solid-color\">NOTI<\/span> <span>DADIS<\/span><\/h2>\n\t\t\t\t<span class=\"subtext\"><\/span>\n\t\t\t\t\t<span class=\"eael-dch-svg-icon\"><\/span>\t\t\t\t<\/div>\n\t\n\t\t\n\t\t\n\t\t\n\t\t\t\t<\/div>\n\t\t\t\t<\/div>\n\t\t\t\t<div class=\"elementor-element elementor-element-83f3550 elementor-widget-divider--view-line elementor-widget elementor-widget-divider\" data-id=\"83f3550\" data-element_type=\"widget\" data-widget_type=\"divider.default\">\n\t\t\t\t<div class=\"elementor-widget-container\">\n\t\t\t<style>\/*! elementor - v3.7.7 - 20-09-2022 *\/\n.elementor-widget-divider{--divider-border-style:none;--divider-border-width:1px;--divider-color:#2c2c2c;--divider-icon-size:20px;--divider-element-spacing:10px;--divider-pattern-height:24px;--divider-pattern-size:20px;--divider-pattern-url:none;--divider-pattern-repeat:repeat-x}.elementor-widget-divider .elementor-divider{display:-webkit-box;display:-ms-flexbox;display:flex}.elementor-widget-divider .elementor-divider__text{font-size:15px;line-height:1;max-width:95%}.elementor-widget-divider .elementor-divider__element{margin:0 var(--divider-element-spacing);-ms-flex-negative:0;flex-shrink:0}.elementor-widget-divider .elementor-icon{font-size:var(--divider-icon-size)}.elementor-widget-divider .elementor-divider-separator{display:-webkit-box;display:-ms-flexbox;display:flex;margin:0;direction:ltr}.elementor-widget-divider--view-line_icon .elementor-divider-separator,.elementor-widget-divider--view-line_text .elementor-divider-separator{-webkit-box-align:center;-ms-flex-align:center;align-items:center}.elementor-widget-divider--view-line_icon .elementor-divider-separator:after,.elementor-widget-divider--view-line_icon .elementor-divider-separator:before,.elementor-widget-divider--view-line_text .elementor-divider-separator:after,.elementor-widget-divider--view-line_text .elementor-divider-separator:before{display:block;content:\"\";border-bottom:0;-webkit-box-flex:1;-ms-flex-positive:1;flex-grow:1;border-top:var(--divider-border-width) var(--divider-border-style) var(--divider-color)}.elementor-widget-divider--element-align-left .elementor-divider .elementor-divider-separator>.elementor-divider__svg:first-of-type{-webkit-box-flex:0;-ms-flex-positive:0;flex-grow:0;-ms-flex-negative:100;flex-shrink:100}.elementor-widget-divider--element-align-left .elementor-divider-separator:before{content:none}.elementor-widget-divider--element-align-left .elementor-divider__element{margin-left:0}.elementor-widget-divider--element-align-right .elementor-divider .elementor-divider-separator>.elementor-divider__svg:last-of-type{-webkit-box-flex:0;-ms-flex-positive:0;flex-grow:0;-ms-flex-negative:100;flex-shrink:100}.elementor-widget-divider--element-align-right .elementor-divider-separator:after{content:none}.elementor-widget-divider--element-align-right .elementor-divider__element{margin-right:0}.elementor-widget-divider:not(.elementor-widget-divider--view-line_text):not(.elementor-widget-divider--view-line_icon) .elementor-divider-separator{border-top:var(--divider-border-width) var(--divider-border-style) var(--divider-color)}.elementor-widget-divider--separator-type-pattern{--divider-border-style:none}.elementor-widget-divider--separator-type-pattern.elementor-widget-divider--view-line .elementor-divider-separator,.elementor-widget-divider--separator-type-pattern:not(.elementor-widget-divider--view-line) .elementor-divider-separator:after,.elementor-widget-divider--separator-type-pattern:not(.elementor-widget-divider--view-line) .elementor-divider-separator:before,.elementor-widget-divider--separator-type-pattern:not([class*=elementor-widget-divider--view]) .elementor-divider-separator{width:100%;min-height:var(--divider-pattern-height);-webkit-mask-size:var(--divider-pattern-size) 100%;mask-size:var(--divider-pattern-size) 100%;-webkit-mask-repeat:var(--divider-pattern-repeat);mask-repeat:var(--divider-pattern-repeat);background-color:var(--divider-color);-webkit-mask-image:var(--divider-pattern-url);mask-image:var(--divider-pattern-url)}.elementor-widget-divider--no-spacing{--divider-pattern-size:auto}.elementor-widget-divider--bg-round{--divider-pattern-repeat:round}.rtl .elementor-widget-divider .elementor-divider__text{direction:rtl}.e-container>.elementor-widget-divider{width:var(--container-widget-width,100%);--flex-grow:var(--container-widget-flex-grow,0)}<\/style>\t\t<div class=\"elementor-divider\">\n\t\t\t<span class=\"elementor-divider-separator\">\n\t\t\t\t\t\t<\/span>\n\t\t<\/div>\n\t\t\t\t<\/div>\n\t\t\t\t<\/div>\n\t\t\t\t\t<\/div>\n\t\t<\/div>\n\t\t\t\t\t\t\t<\/div>\n\t\t<\/section>\n\t\t\t\t<section data-particle_enable=\"false\" data-particle-mobile-disabled=\"false\" class=\"penci-section penci-disSticky penci-structure-22 elementor-section elementor-top-section elementor-element elementor-element-53e0b6f5 elementor-section-boxed elementor-section-height-default elementor-section-height-default\" data-id=\"53e0b6f5\" data-element_type=\"section\">\n\t\t\t\t\t\t<div class=\"elementor-container elementor-column-gap-extended\">\n\t\t\t\t\t<div class=\"penci-ercol-66 penci-ercol-order-1 penci-sticky-ct  elementor-column elementor-col-66 elementor-top-column elementor-element elementor-element-3c3fead\" data-id=\"3c3fead\" data-element_type=\"column\">\n\t\t\t<div class=\"elementor-widget-wrap elementor-element-populated\">\n\t\t\t\t\t\t\t\t<div class=\"elementor-element elementor-element-bde7e3e elementor-widget elementor-widget-image\" data-id=\"bde7e3e\" data-element_type=\"widget\" data-widget_type=\"image.default\">\n\t\t\t\t<div class=\"elementor-widget-container\">\n\t\t\t<style>\/*! elementor - v3.7.7 - 20-09-2022 *\/\n.elementor-widget-image{text-align:center}.elementor-widget-image a{display:inline-block}.elementor-widget-image a img[src$=\".svg\"]{width:48px}.elementor-widget-image img{vertical-align:middle;display:inline-block}<\/style>\t\t\t\t\t\t\t\t\t\t\t\t<img width=\"1024\" height=\"686\" src=\"https:\/\/www.dadiscartagena.gov.co\/wp-content\/uploads\/2022\/11\/cartagena-de-indias-1024x686.jpg\" class=\"attachment-large size-large\" alt=\"\" loading=\"lazy\" srcset=\"https:\/\/www.dadiscartagena.gov.co\/wp-content\/uploads\/2022\/11\/cartagena-de-indias-1024x686.jpg 1024w, https:\/\/www.dadiscartagena.gov.co\/wp-content\/uploads\/2022\/11\/cartagena-de-indias-300x201.jpg 300w, https:\/\/www.dadiscartagena.gov.co\/wp-content\/uploads\/2022\/11\/cartagena-de-indias-768x514.jpg 768w, https:\/\/www.dadiscartagena.gov.co\/wp-content\/uploads\/2022\/11\/cartagena-de-indias-1170x783.jpg 1170w, https:\/\/www.dadiscartagena.gov.co\/wp-content\/uploads\/2022\/11\/cartagena-de-indias-585x392.jpg 585w, https:\/\/www.dadiscartagena.gov.co\/wp-content\/uploads\/2022\/11\/cartagena-de-indias-263x175.jpg 263w, https:\/\/www.dadiscartagena.gov.co\/wp-content\/uploads\/2022\/11\/cartagena-de-indias.jpg 1280w\" sizes=\"(max-width: 1024px) 100vw, 1024px\" \/>\t\t\t\t\t\t\t\t\t\t\t\t\t\t\t<\/div>\n\t\t\t\t<\/div>\n\t\t\t\t<div class=\"elementor-element elementor-element-1c72529 elementor-widget elementor-widget-heading\" data-id=\"1c72529\" data-element_type=\"widget\" data-widget_type=\"heading.default\">\n\t\t\t\t<div class=\"elementor-widget-container\">\n\t\t\t<style>\/*! elementor - v3.7.7 - 20-09-2022 *\/\n.elementor-heading-title{padding:0;margin:0;line-height:1}.elementor-widget-heading .elementor-heading-title[class*=elementor-size-]>a{color:inherit;font-size:inherit;line-height:inherit}.elementor-widget-heading .elementor-heading-title.elementor-size-small{font-size:15px}.elementor-widget-heading .elementor-heading-title.elementor-size-medium{font-size:19px}.elementor-widget-heading .elementor-heading-title.elementor-size-large{font-size:29px}.elementor-widget-heading .elementor-heading-title.elementor-size-xl{font-size:39px}.elementor-widget-heading .elementor-heading-title.elementor-size-xxl{font-size:59px}<\/style><h2 class=\"elementor-heading-title elementor-size-default\">Cartagena, la primera capital del pa\u00eds que cuenta con una Pol\u00edtica P\u00fablica de Ambientes Escolares Alimentarios Saludables<\/h2>\t\t<\/div>\n\t\t\t\t<\/div>\n\t\t\t\t<section data-particle_enable=\"false\" data-particle-mobile-disabled=\"false\" class=\"penci-section penci-disSticky penci-structure-20 elementor-section elementor-inner-section elementor-element elementor-element-b2acb40 elementor-section-boxed elementor-section-height-default elementor-section-height-default\" data-id=\"b2acb40\" data-element_type=\"section\">\n\t\t\t\t\t\t<div class=\"elementor-container elementor-column-gap-default\">\n\t\t\t\t\t<div class=\"penci-ercol-50 penci-ercol-order-1 penci-sticky-ct  elementor-column elementor-col-50 elementor-inner-column elementor-element elementor-element-a4c5d1d\" data-id=\"a4c5d1d\" data-element_type=\"column\">\n\t\t\t<div class=\"elementor-widget-wrap elementor-element-populated\">\n\t\t\t\t\t\t\t\t<div class=\"elementor-element elementor-element-4d02be7 elementor-widget elementor-widget-text-editor\" data-id=\"4d02be7\" data-element_type=\"widget\" data-widget_type=\"text-editor.default\">\n\t\t\t\t<div class=\"elementor-widget-container\">\n\t\t\t<style>\/*! elementor - v3.7.7 - 20-09-2022 *\/\n.elementor-widget-text-editor.elementor-drop-cap-view-stacked .elementor-drop-cap{background-color:#818a91;color:#fff}.elementor-widget-text-editor.elementor-drop-cap-view-framed .elementor-drop-cap{color:#818a91;border:3px solid;background-color:transparent}.elementor-widget-text-editor:not(.elementor-drop-cap-view-default) .elementor-drop-cap{margin-top:8px}.elementor-widget-text-editor:not(.elementor-drop-cap-view-default) .elementor-drop-cap-letter{width:1em;height:1em}.elementor-widget-text-editor .elementor-drop-cap{float:left;text-align:center;line-height:1;font-size:50px}.elementor-widget-text-editor .elementor-drop-cap-letter{display:inline-block}<\/style>\t\t\t\t<div dir=\"auto\">Las ni\u00f1as, ni\u00f1os y adolescentes de las Instituciones Educativas Oficiales y No Oficiales de Cartagena ser\u00e1n beneficiados con la aprobaci\u00f3n y pr\u00f3xima implementaci\u00f3n de la Pol\u00edtica P\u00fablica de Ambientes Escolares Alimentarios Saludables.<\/div><div dir=\"auto\">\u00a0<\/div><div dir=\"auto\"><p>Cartagena de Indias, D. T. y C. 27 de diciembre de 2022. El Consejo de Pol\u00edtica Econ\u00f3mica y Social de Cartagena, aprob\u00f3 por unanimidad el documento de Pol\u00edtica P\u00fablica que establece los lineamientos para promover Ambientes Escolares Alimentarios Saludables desde un enfoque de realizaci\u00f3n del Derecho Humano a la Alimentaci\u00f3n y Nutrici\u00f3n Adecuadas.<\/p><p>La aprobaci\u00f3n y aplicaci\u00f3n de esta Pol\u00edtica P\u00fablica es consonante con las recomendaciones establecidas en el plan de acci\u00f3n para la prevenci\u00f3n de la obesidad en la ni\u00f1ez y la adolescencia de la Organizaci\u00f3n Mundial de la Salud (OMS), ubicando al Distrito de Cartagena como pionero en atender esta grave problem\u00e1tica desde un enfoque de Derechos Humanos, ratificando as\u00ed el compromiso de la Alcald\u00eda con el bienestar de las presentes y futuras generaciones.<\/p><p>\u00a0<\/p><p>Esta Pol\u00edtica P\u00fablica, que ha sido construida con las voces y la participaci\u00f3n activa de la comunidad y fue liderada por la Mesa de Impulso, integrada por el Departamento Administrativo Distrital de Salud \u2013 DADIS, la Secretar\u00eda de Educaci\u00f3n Distrital \u2013 SED, el Plan de Emergencia Social, Pedro Romero PES \u2013 PR, la Universidad de Cartagena, el ICBF y FIAN Colombia como organizaci\u00f3n de DDHH acompa\u00f1ante.<\/p><\/div><div dir=\"auto\">\u00a0<\/div>\t\t\t\t\t\t<\/div>\n\t\t\t\t<\/div>\n\t\t\t\t\t<\/div>\n\t\t<\/div>\n\t\t\t\t<div class=\"penci-ercol-50 penci-ercol-order-2 penci-sticky-ct  elementor-column elementor-col-50 elementor-inner-column elementor-element elementor-element-d2fdc17\" data-id=\"d2fdc17\" data-element_type=\"column\">\n\t\t\t<div class=\"elementor-widget-wrap\">\n\t\t\t\t\t\t\t\t\t<\/div>\n\t\t<\/div>\n\t\t\t\t\t\t\t<\/div>\n\t\t<\/section>\n\t\t\t\t\t<\/div>\n\t\t<\/div>\n\t\t\t\t<div class=\"penci-ercol-33 penci-ercol-order-3 penci-sticky-sb penci-sidebarSC elementor-column elementor-col-33 elementor-top-column elementor-element elementor-element-142d019d\" data-id=\"142d019d\" data-element_type=\"column\">\n\t\t\t<div class=\"elementor-widget-wrap elementor-element-populated\">\n\t\t\t\t\t\t\t\t<div class=\"elementor-element elementor-element-2dd81c8e elementor-widget elementor-widget-penci-fancy_heading\" data-id=\"2dd81c8e\" data-element_type=\"widget\" data-widget_type=\"penci-fancy_heading.default\">\n\t\t\t\t<div class=\"elementor-widget-container\">\n\t\t\t\t\t<div class=\"penci-fancy-heading penci-heading-text-center\">\r\n\t\t\t<div class=\"penci-fancy-heading-inner\">\r\n\t\t\t\t<div class=\"penci-heading-content entry-content\"><p>Esta pol\u00edtica implementar\u00e1 17 productos, en los que trabajar\u00e1n de manera articulada 10 entidades del Distrito, para que la comunidad educativa pueda gozar de espacios protectores, garantes de derechos y libres de comida chatarra. Ayudar\u00e1 adem\u00e1s a que esta poblaci\u00f3n crezca con dignidad y rodeada del color y el sabor de una alimentaci\u00f3n adecuada, sustentada en alimentos sanos, reales y que rescatan el valor tradicional y cultural de los alimentos. <\/p>\n<\/div>\t\t\t<\/div>\r\n\t\t<\/div>\r\n\t\t\t\t<\/div>\n\t\t\t\t<\/div>\n\t\t\t\t<div class=\"elementor-element elementor-element-1ec3f5a3 elementor-widget elementor-widget-penci-fancy_heading\" data-id=\"1ec3f5a3\" data-element_type=\"widget\" data-widget_type=\"penci-fancy_heading.default\">\n\t\t\t\t<div class=\"elementor-widget-container\">\n\t\t\t\t\t<div class=\"penci-fancy-heading penci-heading-text-left\">\r\n\t\t\t<div class=\"penci-fancy-heading-inner\">\r\n\t\t\t\t<div class=\"penci-heading-content entry-content\"><p>Es importante resaltar que esta Pol\u00edtica P\u00fablica nace de un proceso  participativo que surge  desde el a\u00f1o 2018, en el que coincidieron diferentes actores: comunidad educativa, sociedad civil, institucionalidad, organizaciones sociales y academia, quienes buscaban posicionar el asunto de la malnutrici\u00f3n por exceso de la ni\u00f1ez cartagenera, siendo que este es un problema de salud p\u00fablica socialmente relevante, que ha venido en progresivo aumento, derivado de cambios en los patrones alimentarios que han sido impuestos por la dieta corporativa de productos comestibles y bebibles ultraprocesados, por sobre la alimentaci\u00f3n sana y acorde con la cultura y la tradici\u00f3n. <\/p>\n<p>As\u00ed pues, desde el 2020 inicia su dise\u00f1o y desde el 2021 se da curso a todo el proceso de armonizaci\u00f3n, dando cumplimiento al Decreto 1070 del 30 de septiembre de 2021 de la Alcald\u00eda Mayor de Cartagena de Indias D.T y C., donde se establecen las directrices del Ciclo de Pol\u00edticas P\u00fablicas del Distrito de Cartagena de Indias, orientadas por la Secretar\u00eda de Planeaci\u00f3n Distrital. <\/p>\n<p>Finalmente, es importante destacar que, pese a las dif\u00edciles circunstancias impuestas por la pandemia, los esfuerzos adelantados han rendido su fruto, gracias a que se logr\u00f3 contar con un proceso participativo, transparente, constitucional y conveniente, que dejar\u00e1 una Pol\u00edtica P\u00fablica ic\u00f3nica en el pa\u00eds por el abordaje integral que hace de la alimentaci\u00f3n en los ambientes escolares, contribuyendo as\u00ed al alcance pleno de los derechos y  la vida digna de las ni\u00f1as, ni\u00f1os y adolescentes en Cartagena, entendiendo que el problema de la malnutrici\u00f3n es un asunto de vida impostergable.<\/p>\n<\/div>\t\t\t<\/div>\r\n\t\t<\/div>\r\n\t\t\t\t<\/div>\n\t\t\t\t<\/div>\n\t\t\t\t\t<\/div>\n\t\t<\/div>\n\t\t\t\t\t\t\t<\/div>\n\t\t<\/section>\n\t\t\t\t\t\t\t<\/div>\n\t\t","protected":false},"excerpt":{"rendered":"<p>NOTI DADIS Cartagena, la primera capital del pa\u00eds que cuenta con una Pol\u00edtica P\u00fablica de Ambientes Escolares Alimentarios Saludables Las ni\u00f1as, ni\u00f1os y adolescentes de las Instituciones Educativas Oficiales y&hellip;<\/p>\n","protected":false},"author":1,"featured_media":6065,"comment_status":"open","ping_status":"open","sticky":false,"template":"elementor_header_footer","format":"standard","meta":[],"categories":[47],"tags":[],"_links":{"self":[{"href":"https:\/\/www.dadiscartagena.gov.co\/index.php\/wp-json\/wp\/v2\/posts\/3404"}],"collection":[{"href":"https:\/\/www.dadiscartagena.gov.co\/index.php\/wp-json\/wp\/v2\/posts"}],"about":[{"href":"https:\/\/www.dadiscartagena.gov.co\/index.php\/wp-json\/wp\/v2\/types\/post"}],"author":[{"embeddable":true,"href":"https:\/\/www.dadiscartagena.gov.co\/index.php\/wp-json\/wp\/v2\/users\/1"}],"replies":[{"embeddable":true,"href":"https:\/\/www.dadiscartagena.gov.co\/index.php\/wp-json\/wp\/v2\/comments?post=3404"}],"version-history":[{"count":27,"href":"https:\/\/www.dadiscartagena.gov.co\/index.php\/wp-json\/wp\/v2\/posts\/3404\/revisions"}],"predecessor-version":[{"id":6075,"href":"https:\/\/www.dadiscartagena.gov.co\/index.php\/wp-json\/wp\/v2\/posts\/3404\/revisions\/6075"}],"wp:featuredmedia":[{"embeddable":true,"href":"https:\/\/www.dadiscartagena.gov.co\/index.php\/wp-json\/wp\/v2\/media\/6065"}],"wp:attachment":[{"href":"https:\/\/www.dadiscartagena.gov.co\/index.php\/wp-json\/wp\/v2\/media?parent=3404"}],"wp:term":[{"taxonomy":"category","embeddable":true,"href":"https:\/\/www.dadiscartagena.gov.co\/index.php\/wp-json\/wp\/v2\/categories?post=3404"},{"taxonomy":"post_tag","embeddable":true,"href":"https:\/\/www.dadiscartagena.gov.co\/index.php\/wp-json\/wp\/v2\/tags?post=3404"}],"curies":[{"name":"wp","href":"https:\/\/api.w.org\/{rel}","templated":true}]}}